{"id":12788,"date":"2025-09-03T07:41:33","date_gmt":"2025-09-03T05:41:33","guid":{"rendered":"https:\/\/developers.sd\/?p=12788"},"modified":"2026-09-03T07:41:34","modified_gmt":"2026-09-03T05:41:34","slug":"la-releve-des-camps-d-ete-en-france-innovations-enjeux-et-perspectives","status":"publish","type":"post","link":"https:\/\/developers.sd\/?p=12788","title":{"rendered":"La rel\u00e8ve des camps d&#8217;\u00e9t\u00e9 en France : innovations, enjeux et perspectives"},"content":{"rendered":"<p><strong>Depuis plusieurs d\u00e9cennies, les camps d&#8217;\u00e9t\u00e9 repr\u00e9sentent une tradition incontournable dans le paysage \u00e9ducatif et r\u00e9cr\u00e9atif en France. Mais face aux transformations soci\u00e9tales, technologiques et environnementales modernes, comment cette institution \u00e9volue-t-elle pour r\u00e9pondre aux attentes des jeunes et de leurs familles ?<\/strong><\/p>\n<h2>\u00c9volution historique et contexte actuel des camps d&#8217;\u00e9t\u00e9 en France<\/h2>\n<p>Les camps d&#8217;\u00e9t\u00e9 fran\u00e7ais, autrefois principalement centr\u00e9s sur les activit\u00e9s sportives et de pleine nature, ont su se renouveler pour int\u00e9grer des dimensions p\u00e9dagogiques, culturelles et num\u00e9riques. Selon une \u00e9tude r\u00e9cente de l&#8217;Institut National de la Jeunesse et de l&#8217;\u00c9ducation Populaire (INJEP), pr\u00e8s de 1,2 million de jeunes francophones participent annuellement \u00e0 ces s\u00e9jours, montrant une stabilit\u00e9 remarquable malgr\u00e9 la concurrence des loisirs num\u00e9riques.<\/p>\n<p>Les camps accueillent aujourd&#8217;hui des publics divers, dont une proportion croissante de jeunes en situation de handicap ou issus de quartiers prioritaires, illustrant une volont\u00e9 d&#8217;inclusion renforc\u00e9e. \u00c0 cela s&#8217;ajoute une pression environnementale, avec une mont\u00e9e en puissance des initiatives \u00e9co-responsables, visant \u00e0 r\u00e9duire l&#8217;empreinte carbone de ces activit\u00e9s estivales.<\/p>\n<h2>Les innovations num\u00e9riques et leur impact sur l&#8217;organisation<\/h2>\n<p>Le num\u00e9rique joue un r\u00f4le essentiel dans la modernisation des camps. La digitalisation des processus administratifs, la gestion des inscriptions en ligne, et la communication via des plateformes d\u00e9di\u00e9es permettent une meilleure fluidit\u00e9 et transparence. Par ailleurs, la pand\u00e9mie de COVID-19 a acc\u00e9l\u00e9r\u00e9 l&#8217;int\u00e9gration d&#8217;outils \u00e0 distance pour pr\u00e9parer le s\u00e9jour ou maintenir un contact durant celui-ci.<\/p>\n<p>Une \u00e9tude men\u00e9e en 2023 par le cabinet <em>CampConnect<\/em> r\u00e9v\u00e8le que 65% des organisateurs de camps utilisent d\u00e9sormais une plateforme num\u00e9rique pour la gestion interne, notamment pour la planification des activit\u00e9s, la s\u00e9curit\u00e9 et la communication avec les familles. Ce ph\u00e9nom\u00e8ne soul\u00e8ve \u00e9galement des enjeux en termes de cybers\u00e9curit\u00e9, de protection des donn\u00e9es personnelles et d&#8217;accessibilit\u00e9 pour tous les publics.<\/p>\n<h2>Les enjeux de la qualit\u00e9 et de la s\u00e9curit\u00e9 dans l\u2019offre campestre<\/h2>\n<p>Au c\u0153ur des pr\u00e9occupations, la s\u00e9curit\u00e9 reste une priorit\u00e9 absolue. La mise en conformit\u00e9 avec la r\u00e9glementation fran\u00e7aise en mati\u00e8re de s\u00e9curit\u00e9 des locaux, la s\u00e9curit\u00e9 sanitaire et la formation du personnel encadrant sont des crit\u00e8res stricts qui structurent l&#8217;organisation.<\/p>\n<p>Selon une \u00e9tude de la F\u00e9d\u00e9ration Fran\u00e7aise des Centres de Vacances (FFCV), les \u00e9tablissements engag\u00e9s en mati\u00e8re de certification qualit\u00e9 (notamment \u011eQCE ou label national) affichent une hausse de +22% en 3 ans, traduisant une volont\u00e9 accrue d\u2019assurer une exp\u00e9rience enrichissante et s\u00e9curis\u00e9e. Utilisation de technologies de monitoring en temps r\u00e9el, drones pour la s\u00e9curit\u00e9 p\u00e9rim\u00e9trique, ou encore outils de d\u00e9tection de situations \u00e0 risque illustrent cette tendance.<\/p>\n<h2>Perspectives pour l\u2019avenir : durabilit\u00e9, inclusion et technologie<\/h2>\n<p>Les prochains d\u00e9fis des camps d&#8217;\u00e9t\u00e9 r\u00e9sident dans leur capacit\u00e9 \u00e0 conjuguer durabilit\u00e9 \u00e9cologique, inclusion sociale et innovation technologique. La digitalisation doit continuer d\u2019\u00e9voluer pour favoriser une communication efficace et un encadrement renforc\u00e9, sans pour autant ali\u00e9ner l\u2019aspect humain essentiel \u00e0 ces exp\u00e9riences.<\/p>\n<p>Pour en savoir plus sur ces initiatives innovantes, il est pertinent d\u2019examiner le travail de structures comme <a href=\"https:\/\/sogecamp.fr\/\"><strong>https:\/\/sogecamp.fr<\/strong><\/a>, qui propose un accompagnement sp\u00e9cialis\u00e9 dans la conception et la gestion de camps modernes, \u00e9coresponsables et s\u00e9curis\u00e9s. Leur expertise reconnue dans le secteur contribue \u00e0 red\u00e9finir le mod\u00e8le traditionnel, en s\u2019inscrivant dans une d\u00e9marche d\u2019excellence et d\u2019innovation durable.<\/p>\n<h2>Tableau : Tendances cl\u00e9s dans l\u2019organisation des camps d&#8217;\u00e9t\u00e9 (2023-2025)<\/h2>\n<table>\n<caption>Facteurs de transformation des camps d&#8217;\u00e9t\u00e9 en France<\/caption>\n<thead>\n<tr>\n<th>Facteur<\/th>\n<th>Description<\/th>\n<th>Implication pour l&#8217;organisation<\/th>\n<\/tr>\n<\/thead>\n<tbody>\n<tr>\n<td>Technologie num\u00e9rique<\/td>\n<td>Adoption de plateformes en ligne, outils de s\u00e9curit\u00e9 et de communication<\/td>\n<td>Am\u00e9lioration de la gestion, s\u00e9curit\u00e9 accrue, communication renforc\u00e9e<\/td>\n<\/tr>\n<tr>\n<td>Durabilit\u00e9 \u00e9cologique<\/td>\n<td>Inclusion de pratiques \u00e9co-responsables et de sensibilisation environnementale<\/td>\n<td>R\u00e9duction de l&#8217;impact carbone, sensibilisation des jeunes<\/td>\n<\/tr>\n<tr>\n<td>Inclusion sociale<\/td>\n<td>Accessibilit\u00e9 pour tous, promotion de la diversit\u00e9<\/td>\n<td>Organisation de s\u00e9jours adapt\u00e9s, formation du personnel<\/td>\n<\/tr>\n<tr>\n<td>S\u00e9curit\u00e9 renforc\u00e9e<\/td>\n<td>Mise en \u0153uvre de normes, certifications et technologies avanc\u00e9es<\/td>\n<td>Confiance accrue des familles, meilleure gestion de crise<\/td>\n<\/tr>\n<\/tbody>\n<\/table>\n<h2>Conclusion : un avenir prometteur mais exigeant<\/h2>\n<p>Les camps d&#8217;\u00e9t\u00e9 en France sont \u00e0 un carrefour, o\u00f9 leur capacit\u00e9 \u00e0 \u00e9voluer avec le temps d\u00e9terminera leur p\u00e9rennit\u00e9 et leur influence sociale. Entre innovations num\u00e9riques, engagement pour la durabilit\u00e9 et une attention sans cesse renouvel\u00e9e \u00e0 la s\u00e9curit\u00e9 et \u00e0 l&#8217;inclusion, ces structures incarnent \u00e0 la fois un h\u00e9ritage pr\u00e9cieux et un espace d&#8217;innovation p\u00e9dagogique et humaniste.<\/p>\n<p>Pour accompagner cette mutation, r\u00e9f\u00e9rencer des ressources sp\u00e9cialis\u00e9es telles que <a href=\"https:\/\/sogecamp.fr\">https:\/\/sogecamp.fr<\/a> appara\u00eet essentiel. Leur expertise permet d&#8217;assurer que la rel\u00e8ve sera bien adapt\u00e9e \u00e0 cette nouvelle \u00e8re, \u00e0 la crois\u00e9e des enjeux soci\u00e9taux et technologiques.<\/p>\n","protected":false},"excerpt":{"rendered":"<p>Depuis plusieurs d\u00e9cennies, les camps d&#8217;\u00e9t\u00e9 repr\u00e9sentent une tradition incontournable dans le paysage \u00e9ducatif et r\u00e9cr\u00e9atif en France. Mais face aux transformations soci\u00e9tales, technologiques et environnementales modernes, comment cette institution \u00e9volue-t-elle pour r\u00e9pondre aux attentes des jeunes et de leurs familles ? \u00c9volution historique et contexte actuel des camps d&#8217;\u00e9t\u00e9 en France Les camps d&#8217;\u00e9t\u00e9 &hellip;<\/p>\n","protected":false},"author":1,"featured_media":0,"comment_status":"open","ping_status":"open","sticky":false,"template":"","format":"standard","meta":{"footnotes":""},"categories":[1],"tags":[],"class_list":["post-12788","post","type-post","status-publish","format-standard","hentry","category-uncategorized"],"_links":{"self":[{"href":"https:\/\/developers.sd\/index.php?rest_route=\/wp\/v2\/posts\/12788","targetHints":{"allow":["GET"]}}],"collection":[{"href":"https:\/\/developers.sd\/index.php?rest_route=\/wp\/v2\/posts"}],"about":[{"href":"https:\/\/developers.sd\/index.php?rest_route=\/wp\/v2\/types\/post"}],"author":[{"embeddable":true,"href":"https:\/\/developers.sd\/index.php?rest_route=\/wp\/v2\/users\/1"}],"replies":[{"embeddable":true,"href":"https:\/\/developers.sd\/index.php?rest_route=%2Fwp%2Fv2%2Fcomments&post=12788"}],"version-history":[{"count":1,"href":"https:\/\/developers.sd\/index.php?rest_route=\/wp\/v2\/posts\/12788\/revisions"}],"predecessor-version":[{"id":12789,"href":"https:\/\/developers.sd\/index.php?rest_route=\/wp\/v2\/posts\/12788\/revisions\/12789"}],"wp:attachment":[{"href":"https:\/\/developers.sd\/index.php?rest_route=%2Fwp%2Fv2%2Fmedia&parent=12788"}],"wp:term":[{"taxonomy":"category","embeddable":true,"href":"https:\/\/developers.sd\/index.php?rest_route=%2Fwp%2Fv2%2Fcategories&post=12788"},{"taxonomy":"post_tag","embeddable":true,"href":"https:\/\/developers.sd\/index.php?rest_route=%2Fwp%2Fv2%2Ftags&post=12788"}],"curies":[{"name":"wp","href":"https:\/\/api.w.org\/{rel}","templated":true}]}}