{"id":13492,"date":"2025-09-03T15:00:08","date_gmt":"2025-09-03T13:00:08","guid":{"rendered":"https:\/\/developers.sd\/?p=13492"},"modified":"2026-09-03T15:00:09","modified_gmt":"2026-09-03T13:00:09","slug":"innovativ-energiaatalakitas-magyarorszagon-a-napelemipar-csucstechnologiai","status":"publish","type":"post","link":"https:\/\/developers.sd\/?p=13492","title":{"rendered":"Innovat\u00edv Energia\u00e1talak\u00edt\u00e1s Magyarorsz\u00e1gon: A Napelemipar Cs\u00facstechnol\u00f3gi\u00e1i"},"content":{"rendered":"<p>Magyarorsz\u00e1g jelenleg az egyik legdinamikusabban fejl\u0151d\u0151 energiaszektora az Eur\u00f3pai Uni\u00f3ban. Az energia\u00e1talak\u00edt\u00e1s \u00e9s fenntarthat\u00f3 energiaforr\u00e1sok integr\u00e1l\u00e1sa d\u00f6nt\u0151 fontoss\u00e1g\u00fa a kl\u00edmav\u00e1ltoz\u00e1s elleni k\u00fczdelemben, mik\u00f6zben gazdas\u00e1gi n\u00f6veked\u00e9st \u00e9s energiaf\u00fcggetlens\u00e9get is hozhat. Ebben a kontextusban a napenergia helyzete \u00e9s technol\u00f3giai fejleszt\u00e9sei k\u00fcl\u00f6n\u00f6sen hangs\u00falyosak. A magyar napelemipar innovat\u00edv megold\u00e1saira \u00e9s technol\u00f3giai fejl\u0151d\u00e9s\u00e9re r\u00e9szletesen r\u00e1vil\u00e1g\u00edtva, meg\u00e9rtj\u00fck, hogy milyen ir\u00e1nyba halad ez a szektor, \u00e9s milyen szerepet t\u00f6lt be a nemzeti energiapolitik\u00e1ban.<\/p>\n<h2>A magyar napelemipar: Fejl\u0151d\u00e9si ir\u00e1nyok \u00e9s kulcsfontoss\u00e1g\u00fa t\u00e9nyez\u0151k<\/h2>\n<p>Az ut\u00f3bbi \u00e9vekben Magyarorsz\u00e1gon er\u0151teljes n\u00f6veked\u00e9st tapasztalhatunk a napenergia alkalmaz\u00e1s\u00e1ban, r\u00e9szben a kedvez\u0151 id\u0151j\u00e1r\u00e1s mellett az EU \u00e1ltal finansz\u00edrozott t\u00e1mogat\u00e1si programoknak k\u00f6sz\u00f6nhet\u0151en. A beruh\u00e1z\u00e1sok n\u00f6veked\u00e9s\u00e9vel p\u00e1rhuzamosan a helyi c\u00e9gek \u00e9s nemzetk\u00f6zi v\u00e1llalatok egyar\u00e1nt tev\u00e9kenyen r\u00e9szt vesznek a technol\u00f3giai fejleszt\u00e9sekben.<\/p>\n<blockquote><p>\n<b>\u201eA magyar napelempiac egyik f\u0151 kih\u00edv\u00e1sa a hat\u00e9konys\u00e1g n\u00f6vel\u00e9se mellett az energia t\u00e1rol\u00e1si k\u00e9pess\u00e9gek fejleszt\u00e9se, hiszen a napenergia kihaszn\u00e1l\u00e1sa csak akkor lehet fenntarthat\u00f3, ha megfelel\u0151 t\u00e1rol\u00e1si megold\u00e1sok \u00e1llnak rendelkez\u00e9sre.\u201d<\/b>\n<\/p><\/blockquote>\n<h2>A technol\u00f3giai innov\u00e1ci\u00f3k \u00e9s a hazai szerepl\u0151k szerepe<\/h2>\n<p>A leg\u00fajabb fejleszt\u00e9sek k\u00f6z\u00e9 tartoznak a perovszkit-alap\u00fa napelemek, amelyek jelent\u0151sen magasabb hat\u00e1sfokot k\u00e9pesek el\u00e9rni a hagyom\u00e1nyos szil\u00edniumcell\u00e1kkal szemben. Magyarorsz\u00e1gon a <a href=\"https:\/\/www.lanista-hungary.com\/\">http:\/\/www.lanista-hungary.com<\/a> oldal\u00e1n tal\u00e1lhat\u00f3 szak\u00e9rt\u0151i inform\u00e1ci\u00f3k szerint a v\u00e1llalatok jelent\u0151s beruh\u00e1z\u00e1sokat eszk\u00f6z\u00f6lnek az ilyen t\u00edpus\u00fa technol\u00f3gi\u00e1k adapt\u00e1l\u00e1s\u00e1ba, hogy hozz\u00e1f\u00e9rjenek a glob\u00e1lis innov\u00e1ci\u00f3k \u00e9lvonal\u00e1hoz.<\/p>\n<h2>Adatok \u00e9s trendek<\/h2>\n<p>Az al\u00e1bbi t\u00e1bl\u00e1zat szeml\u00e9lteti a magyarorsz\u00e1gi napelem-piac n\u00f6veked\u00e9si adatait az elm\u00falt \u00f6t \u00e9vben:<\/p>\n<table>\n<thead>\n<tr>\n<th>\u00c9v<\/th>\n<th>Be\u00e9p\u00edtett kapacit\u00e1s (MW)<\/th>\n<th>N\u00f6veked\u00e9si \u00fctem (%)<\/th>\n<th>Felhaszn\u00e1l\u00e1si c\u00e9lok<\/th>\n<\/tr>\n<\/thead>\n<tbody>\n<tr>\n<td>2019<\/td>\n<td>150<\/td>\n<td>&#8211;<\/td>\n<td>H\u00e1ztart\u00e1si, kereskedelmi<\/td>\n<\/tr>\n<tr>\n<td>2020<\/td>\n<td>250<\/td>\n<td>66.7%<\/td>\n<td>Nagyobb projektek<\/td>\n<\/tr>\n<tr>\n<td>2021<\/td>\n<td>400<\/td>\n<td>60%<\/td>\n<td>Ipari, k\u00f6z\u00f6ss\u00e9gi<\/td>\n<\/tr>\n<tr>\n<td>2022<\/td>\n<td>530<\/td>\n<td>32.5%<\/td>\n<td>V\u00e1llalkoz\u00e1sok, lakoss\u00e1g<\/td>\n<\/tr>\n<tr>\n<td>2023<\/td>\n<td>700<\/td>\n<td>32.1%<\/td>\n<td>Fenntarthat\u00f3s\u00e1g, energiat\u00e1rol\u00e1s<\/td>\n<\/tr>\n<\/tbody>\n<\/table>\n<p>Ezek az adatok azt mutatj\u00e1k, hogy Magyarorsz\u00e1gon a nap energia alkalmaz\u00e1sa nemcsak n\u00f6vekszik, hanem egyre kifinomultabb, fejlett technol\u00f3gi\u00e1k alkalmaz\u00e1s\u00e1val biztos\u00edtott a fenntarthat\u00f3 fejl\u0151d\u00e9s.<\/p>\n<h2>A fenntarthat\u00f3s\u00e1g \u00e9s energiaf\u00fcggetlens\u00e9g kih\u00edv\u00e1sai<\/h2>\n<p>Az energiaf\u00fcggetlens\u00e9g er\u0151s\u00edt\u00e9se \u00e9rdek\u00e9ben fontos a napenergia-t\u00e1rol\u00e1si kapacit\u00e1sok fejleszt\u00e9se, amely probl\u00e9m\u00e1t a modern energiarendszerek egyik f\u0151 kih\u00edv\u00e1s\u00e1nak tartanak szak\u00e9rt\u0151k. A v\u00e1llalatok \u00e9s kutat\u00f3int\u00e9zetek \u00f6sszefog\u00e1s\u00e1val olyan innovat\u00edv akkumul\u00e1torrendszerek kidolgoz\u00e1s\u00e1ra \u00f6szt\u00f6n\u00f6znek, mint p\u00e9ld\u00e1ul a gasztr\u00f3nium vagy szil\u00e1rdtest technol\u00f3gi\u00e1k, melyek r\u00f6vid id\u0151n bel\u00fcl lehet\u0151v\u00e9 teszik az energiat\u00e1rol\u00e1s hat\u00e9konys\u00e1g\u00e1nak n\u00f6vel\u00e9s\u00e9t.<\/p>\n<p>Az egyik p\u00e9ld\u00e1t erre az innov\u00e1ci\u00f3ra a http:\/\/www.lanista-hungary.com-on is bemutatott fejleszt\u00e9sek k\u00f6z\u00f6tt lehet megtal\u00e1lni, ahol az energiai kereslet kiel\u00e9g\u00edt\u00e9s\u00e9t k\u00fcl\u00f6n\u00f6sen hat\u00e9kony, korszer\u0171 technol\u00f3gi\u00e1k seg\u00edts\u00e9g\u00e9vel k\u00edv\u00e1nj\u00e1k megval\u00f3s\u00edtani.<\/p>\n<h2>Az energia\u00e1talak\u00edt\u00e1s j\u00f6v\u0151je: strat\u00e9giai ir\u00e1nyok<\/h2>\n<ol>\n<li><strong>Integr\u00e1lt rendszer\u00e9p\u00edt\u00e9s:<\/strong> Az intelligens h\u00e1l\u00f3zatok fejleszt\u00e9se lehet\u0151v\u00e9 teszi a meg\u00fajul\u00f3 energiaforr\u00e1sok hat\u00e9konyabb integr\u00e1l\u00e1s\u00e1t.<\/li>\n<li><strong>Technol\u00f3giai diverzifik\u00e1ci\u00f3:<\/strong> A k\u00fcl\u00f6nf\u00e9le napelemek t\u00edpusainak \u00f6sszehangolt alkalmaz\u00e1sa m\u00e9rs\u00e9kli a rendszerf\u00fcgg\u0151s\u00e9get \u00e9s n\u00f6veli a rendszer stabilit\u00e1s\u00e1t.<\/li>\n<li><strong>Partners\u00e9gek \u00e9s befektet\u00e9sek:<\/strong> A nemzetk\u00f6zi \u00e9s hazai v\u00e1llalatok k\u00f6z\u00f6tti egy\u00fcttm\u0171k\u00f6d\u00e9sek t\u00e1mogat\u00e1sa gyors\u00edtja a technol\u00f3giai fejl\u0151d\u00e9st.<\/li>\n<\/ol>\n<h2>\u00d6sszegz\u00e9s<\/h2>\n<p>Magyarorsz\u00e1g energiapiac\u00e1n a napelemek technol\u00f3giai fejl\u0151d\u00e9se, valamint a fenntarthat\u00f3s\u00e1g ir\u00e1nti elk\u00f6telezetts\u00e9g jelent\u0151s szerepet j\u00e1tszik abban, hogy az orsz\u00e1g egy z\u00f6ldebb \u00e9s energiaf\u00fcggetlenebb j\u00f6v\u0151 fel\u00e9 haladjon. A v\u00e1llalatok \u00e9s kutat\u00f3int\u00e9zetek, p\u00e9ld\u00e1ul a http:\/\/www.lanista-hungary.com, nemcsak a jelenlegi kih\u00edv\u00e1sokra adnak innovat\u00edv megold\u00e1sokat, hanem a j\u00f6v\u0151 energia\u00e1talak\u00edt\u00e1si strat\u00e9gi\u00e1inak alak\u00edt\u00e1s\u00e1ban is kulcsszerepet j\u00e1tszanak.<\/p>\n<p>Az energia\u00e1talak\u00edt\u00e1s Magyarorsz\u00e1gon a technol\u00f3giai fejl\u0151d\u00e9s \u00e9s az innov\u00e1ci\u00f3 \u00e1ltal motiv\u00e1lt strat\u00e9giai l\u00e9p\u00e9sek eredm\u00e9nyek\u00e9ppen nemcsak fenntarthat\u00f3bb\u00e1 v\u00e1lik, hanem lehet\u0151v\u00e9 teszi az orsz\u00e1g sz\u00e1m\u00e1ra, hogy egyre ink\u00e1bb a saj\u00e1t energi\u00e1j\u00e1ra t\u00e1maszkodjon, mindezt a glob\u00e1lis kl\u00edmav\u00e1ltoz\u00e1si kih\u00edv\u00e1sok k\u00f6zepette.<\/p>\n","protected":false},"excerpt":{"rendered":"<p>Magyarorsz\u00e1g jelenleg az egyik legdinamikusabban fejl\u0151d\u0151 energiaszektora az Eur\u00f3pai Uni\u00f3ban. Az energia\u00e1talak\u00edt\u00e1s \u00e9s fenntarthat\u00f3 energiaforr\u00e1sok integr\u00e1l\u00e1sa d\u00f6nt\u0151 fontoss\u00e1g\u00fa a kl\u00edmav\u00e1ltoz\u00e1s elleni k\u00fczdelemben, mik\u00f6zben gazdas\u00e1gi n\u00f6veked\u00e9st \u00e9s energiaf\u00fcggetlens\u00e9get is hozhat. Ebben a kontextusban a napenergia helyzete \u00e9s technol\u00f3giai fejleszt\u00e9sei k\u00fcl\u00f6n\u00f6sen hangs\u00falyosak. A magyar napelemipar innovat\u00edv megold\u00e1saira \u00e9s technol\u00f3giai fejl\u0151d\u00e9s\u00e9re r\u00e9szletesen r\u00e1vil\u00e1g\u00edtva, meg\u00e9rtj\u00fck, hogy milyen ir\u00e1nyba halad &hellip;<\/p>\n","protected":false},"author":1,"featured_media":0,"comment_status":"open","ping_status":"open","sticky":false,"template":"","format":"standard","meta":{"footnotes":""},"categories":[1],"tags":[],"class_list":["post-13492","post","type-post","status-publish","format-standard","hentry","category-uncategorized"],"_links":{"self":[{"href":"https:\/\/developers.sd\/index.php?rest_route=\/wp\/v2\/posts\/13492","targetHints":{"allow":["GET"]}}],"collection":[{"href":"https:\/\/developers.sd\/index.php?rest_route=\/wp\/v2\/posts"}],"about":[{"href":"https:\/\/developers.sd\/index.php?rest_route=\/wp\/v2\/types\/post"}],"author":[{"embeddable":true,"href":"https:\/\/developers.sd\/index.php?rest_route=\/wp\/v2\/users\/1"}],"replies":[{"embeddable":true,"href":"https:\/\/developers.sd\/index.php?rest_route=%2Fwp%2Fv2%2Fcomments&post=13492"}],"version-history":[{"count":1,"href":"https:\/\/developers.sd\/index.php?rest_route=\/wp\/v2\/posts\/13492\/revisions"}],"predecessor-version":[{"id":13493,"href":"https:\/\/developers.sd\/index.php?rest_route=\/wp\/v2\/posts\/13492\/revisions\/13493"}],"wp:attachment":[{"href":"https:\/\/developers.sd\/index.php?rest_route=%2Fwp%2Fv2%2Fmedia&parent=13492"}],"wp:term":[{"taxonomy":"category","embeddable":true,"href":"https:\/\/developers.sd\/index.php?rest_route=%2Fwp%2Fv2%2Fcategories&post=13492"},{"taxonomy":"post_tag","embeddable":true,"href":"https:\/\/developers.sd\/index.php?rest_route=%2Fwp%2Fv2%2Ftags&post=13492"}],"curies":[{"name":"wp","href":"https:\/\/api.w.org\/{rel}","templated":true}]}}