{"id":13970,"date":"2025-09-03T20:01:11","date_gmt":"2025-09-03T18:01:11","guid":{"rendered":"https:\/\/developers.sd\/?p=13970"},"modified":"2026-09-03T20:01:12","modified_gmt":"2026-09-03T18:01:12","slug":"les-nouvelles-tendances-en-formation-professionnelle-vers-une-approche-personnalisee-et-innovante","status":"publish","type":"post","link":"https:\/\/developers.sd\/?p=13970","title":{"rendered":"Les Nouvelles Tendances en Formation Professionnelle : Vers une Approche Personnalis\u00e9e et Innovante"},"content":{"rendered":"<p>Le paysage de la formation professionnelle en France est en constante \u00e9volution, profond\u00e9ment influenc\u00e9 par les avanc\u00e9es technologiques, les mutations du march\u00e9 du travail, et l\u2019exigence croissante d\u2019individualisation des parcours d\u2019apprentissage. Dans ce contexte, il devient essentiel pour les acteurs du secteur \u2013 qu\u2019ils soient organismes de formation, entreprises ou institutions publiques \u2013 de s\u2019appuyer sur des sources cr\u00e9dibles et expertes pour orienter leurs strat\u00e9gies. C\u2019est notamment dans cette optique que les innovations propos\u00e9es par des structures sp\u00e9cialis\u00e9es prennent tout leur sens, comme en t\u00e9moigne <a href=\"https:\/\/www.spinational-fr.fr\/\">www.spinational-fr<\/a>.<\/p>\n<h2>Le tournant de la formation : de la standardisation \u00e0 la personnalisation<\/h2>\n<p>Depuis une dizaine d\u2019ann\u00e9es, la tendance vers une formation davantage individualis\u00e9e s\u2019est renforc\u00e9e, notamment sous l\u2019effet de la transformation digitale et de l\u2019\u00e9mergence de nouveaux modes p\u00e9dagogiques. Selon un rapport r\u00e9cent de l\u2019Observatoire des m\u00e9tiers de la formation, pr\u00e8s de <strong>68%<\/strong> des organismes assurent d\u00e9sormais int\u00e9grer des outils adaptatifs pour r\u00e9pondre aux profils vari\u00e9s des apprenants. Cette \u00e9volution vise \u00e0 :<\/p>\n<ul>\n<li><strong>R\u00e9duire le taux d\u2019abandon<\/strong> en proposant un contenu sur-mesure.<\/li>\n<li><strong>Optimiser la progression<\/strong> gr\u00e2ce \u00e0 des feedbacks r\u00e9guliers et adapt\u00e9s.<\/li>\n<li><strong>Valoriser l\u2019autonomie<\/strong> dans l\u2019apprentissage gr\u00e2ce \u00e0 des modules flexibles.<\/li>\n<\/ul>\n<h2>Les technologies au service de l\u2019apprentissage personnalis\u00e9<\/h2>\n<p>Les innovations technologiques, notamment l\u2019intelligence artificielle, loT (Internet des Objets), et le Big Data, offrent de nouvelles perspectives pour structurer des parcours de formation sur mesure. Par exemple, l\u2019analyse des donn\u00e9es d\u2019apprentissage permet d\u00e9sormais de :<\/p>\n<pre style=\"background-color:#fff3e0; padding: 15px; border-radius: 8px;\">\n| Aspects analys\u00e9s                 | B\u00e9n\u00e9fices                                           |\n|----------------------------------|-----------------------------------------------------|\n| Comportements de navigation     | Adaptation des modules en temps r\u00e9el                |\n| R\u00e9sultats aux \u00e9valuations       | Identification pr\u00e9cise des besoins de formation    |\n| Dur\u00e9e consacr\u00e9e aux activit\u00e9s   | R\u00e9organisation des parcours pour maximiser l'efficacit\u00e9 |\n<\/pre>\n<p>Ce cadre permet ainsi de construire des strat\u00e9gies d\u2019apprentissage qui s\u2019ajustent dynamiquement au progr\u00e8s de chaque individu, cr\u00e9ant ainsi un environnement plus engageant et efficient.<\/p>\n<h2>Le r\u00f4le incontournable des acteurs sp\u00e9cialis\u00e9s : focus sur www.spinational-fr<\/h2>\n<p>Dans cette mouvance, il est fondamental pour les institutions de se r\u00e9f\u00e9rer \u00e0 des partenaires qui ma\u00eetrisent ces nouveaux dispositifs p\u00e9dagogiques. www.spinational-fr se distingue par son expertise dans l\u2019accompagnement \u00e0 la transformation des strat\u00e9gies de formation. Ses services couvrent notamment :<\/p>\n<ul>\n<li><strong>Audit des besoins<\/strong> pour une personnalisation optimale des programmes.<\/li>\n<li><strong>Conception de solutions num\u00e9riques<\/strong> sur mesure int\u00e9grant l\u2019IA et la data.<\/li>\n<li><strong>Formation des formateurs<\/strong> \u00e0 l\u2019utilisation des outils innovants.<\/li>\n<li><strong>Suivi et \u00e9valuation<\/strong> continue des parcours pour garantir leur pertinence.<\/li>\n<\/ul>\n<div class=\"callout\">\n<p>En collaborant avec des partenaires comme www.spinational-fr, les acteurs de la formation professionnelle peuvent non seulement am\u00e9liorer l\u2019efficacit\u00e9 de leurs programmes, mais aussi renforcer leur cr\u00e9dibilit\u00e9 dans un secteur en pleine mutation.<\/p>\n<\/div>\n<h2>Impacts et perspectives futures dans la transformation des formations<\/h2>\n<table>\n<thead>\n<tr>\n<th>Facteurs Cl\u00e9s<\/th>\n<th>Implications<\/th>\n<\/tr>\n<\/thead>\n<tbody>\n<tr>\n<td>Digitalisation croissante<\/td>\n<td>Int\u00e9gration de solutions innovantes pour une formation flexible et accessible partout<\/td>\n<\/tr>\n<tr>\n<td>Personnalisation approfondie<\/td>\n<td>Meilleure adaptation aux besoins sp\u00e9cifiques de chaque apprenant et secteur<\/td>\n<\/tr>\n<tr>\n<td>Renforcement de l\u2019analyse de donn\u00e9es<\/td>\n<td>Meilleur ciblage des interventions et am\u00e9lioration continue des programmes<\/td>\n<\/tr>\n<tr>\n<td>Partenariats strat\u00e9giques<\/td>\n<td>Synergies pour une offre de formation toujours plus innovante et cr\u00e9dible<\/td>\n<\/tr>\n<\/tbody>\n<\/table>\n<p>Ces tendances s\u2019inscrivent dans une logique d\u2019am\u00e9lioration continue, o\u00f9 l\u2019innovation technologique se conjugue avec une meilleure compr\u00e9hension des profils et des besoins des apprenants. La cl\u00e9 r\u00e9side dans l\u2019adoption d\u2019une d\u00e9marche strat\u00e9gique qui privil\u00e9gie l\u2019\u00e9change, l\u2019expertise, et la qualit\u00e9 dans la conception des parcours de formation.<\/p>\n<h2>Conclusion : vers une formation plus humaine et technologique<\/h2>\n<p>La mont\u00e9e en puissance de formations personnalis\u00e9es et digitallis\u00e9es red\u00e9finit le r\u00f4le du formateur et de l\u2019apprenant. En adoptant une strat\u00e9gie centr\u00e9e sur l\u2019individu, soutenue par des partenaires de confiance comme www.spinational-fr, le secteur de la formation professionnelle se projette vers un avenir o\u00f9 l\u2019efficacit\u00e9 rime avec adaptation et innovation. La synergie entre technologie, expertise, et approche personnalis\u00e9e constitue d\u00e9sormais la voie privil\u00e9gi\u00e9e pour relever les d\u00e9fis de demain.<\/p>\n","protected":false},"excerpt":{"rendered":"<p>Le paysage de la formation professionnelle en France est en constante \u00e9volution, profond\u00e9ment influenc\u00e9 par les avanc\u00e9es technologiques, les mutations du march\u00e9 du travail, et l\u2019exigence croissante d\u2019individualisation des parcours d\u2019apprentissage. Dans ce contexte, il devient essentiel pour les acteurs du secteur \u2013 qu\u2019ils soient organismes de formation, entreprises ou institutions publiques \u2013 de s\u2019appuyer &hellip;<\/p>\n","protected":false},"author":1,"featured_media":0,"comment_status":"open","ping_status":"open","sticky":false,"template":"","format":"standard","meta":{"footnotes":""},"categories":[1],"tags":[],"class_list":["post-13970","post","type-post","status-publish","format-standard","hentry","category-uncategorized"],"_links":{"self":[{"href":"https:\/\/developers.sd\/index.php?rest_route=\/wp\/v2\/posts\/13970","targetHints":{"allow":["GET"]}}],"collection":[{"href":"https:\/\/developers.sd\/index.php?rest_route=\/wp\/v2\/posts"}],"about":[{"href":"https:\/\/developers.sd\/index.php?rest_route=\/wp\/v2\/types\/post"}],"author":[{"embeddable":true,"href":"https:\/\/developers.sd\/index.php?rest_route=\/wp\/v2\/users\/1"}],"replies":[{"embeddable":true,"href":"https:\/\/developers.sd\/index.php?rest_route=%2Fwp%2Fv2%2Fcomments&post=13970"}],"version-history":[{"count":1,"href":"https:\/\/developers.sd\/index.php?rest_route=\/wp\/v2\/posts\/13970\/revisions"}],"predecessor-version":[{"id":13971,"href":"https:\/\/developers.sd\/index.php?rest_route=\/wp\/v2\/posts\/13970\/revisions\/13971"}],"wp:attachment":[{"href":"https:\/\/developers.sd\/index.php?rest_route=%2Fwp%2Fv2%2Fmedia&parent=13970"}],"wp:term":[{"taxonomy":"category","embeddable":true,"href":"https:\/\/developers.sd\/index.php?rest_route=%2Fwp%2Fv2%2Fcategories&post=13970"},{"taxonomy":"post_tag","embeddable":true,"href":"https:\/\/developers.sd\/index.php?rest_route=%2Fwp%2Fv2%2Ftags&post=13970"}],"curies":[{"name":"wp","href":"https:\/\/api.w.org\/{rel}","templated":true}]}}