{"id":17123,"date":"2025-09-04T16:09:09","date_gmt":"2025-09-04T14:09:09","guid":{"rendered":"https:\/\/developers.sd\/?p=17123"},"modified":"2026-09-04T16:09:23","modified_gmt":"2026-09-04T14:09:23","slug":"depuis-une-decennie-l-industrie-automobile-mondiale-connait-une-transformation-radicale-sous-l-imp","status":"publish","type":"post","link":"https:\/\/developers.sd\/?p=17123","title":{"rendered":"Depuis une d\u00e9cennie, l\u2019industrie automobile mondiale conna\u00eet une transformation radicale, sous l\u2019imp"},"content":{"rendered":"<section>\n<h2>Introduction : La Transformation du Secteur Automobile<\/h2>\n<p>Depuis une d\u00e9cennie, l\u2019industrie automobile mondiale conna\u00eet une transformation radicale, sous l\u2019impulsion de la transition \u00e9nerg\u00e9tique, des pr\u00e9occupations environnementales croissantes et de l\u2019innovation technologique. Les constructeurs traditionnels doivent d\u00e9sormais concilier performance, durabilit\u00e9 et attractivit\u00e9 dans un march\u00e9 en mutation rapide. Parmi les acteurs qui ont su tirer leur \u00e9pingle du jeu, Polestar s\u2019est distingu\u00e9 en fusionnant la passion de la conduite \u00e9lectrique avec une vision r\u00e9solument tourn\u00e9e vers la durabilit\u00e9 et le design d\u2019avant-garde.<\/p>\n<\/section>\n<section>\n<h2>Une Marque Innovante au C\u0153ur de la Mobilit\u00e9 \u00c9lectrique<\/h2>\n<p>Fond\u00e9e en 2017 en tant que filiale de Volvo Car Group, Polestar s\u2019est rapidement impos\u00e9e comme un acteur majeur dans la conception de v\u00e9hicules \u00e9lectriques (VE), alliant une ing\u00e9nierie de pr\u00e9cision \u00e0 une approche minimaliste du design. La marque s\u2019inscrit dans la mouvance de l\u2019\u00e9lectrification du parc automobile mondial, avec des objectifs clairs de neutralit\u00e9 carbone et un engagement \u00e0 r\u00e9volutionner l\u2019exp\u00e9rience utilisateur.<\/p>\n<blockquote>\n<p>Pour comprendre en profondeur la strat\u00e9gie de Polestar, il est essentiel de suivre leur d\u00e9veloppement technologique et leur positionnement sur un march\u00e9 en pleine expansion. Plus d\u2019informations sont disponibles sur leur site officiel : <a href=\"https:\/\/www.polestar-fr.fr\/\">http:\/\/www.polestar-fr.fr\/<\/a>.<\/p>\n<\/blockquote>\n<\/section>\n<h2>Les Technologies Phare de Polestar : Performance et Durabilit\u00e9<\/h2>\n<p>Les v\u00e9hicules Polestar int\u00e8grent les derni\u00e8res innovations en mati\u00e8re de conduite autonome, de connectivit\u00e9 et de batteries \u00e0 haute efficacit\u00e9. Par exemple, la Polestar 2 est reconnue pour sa plateforme informatique avanc\u00e9e, permettant un pilotage automatique de niveau 2, ainsi qu\u2019une autonomie pouvant atteindre 470 km selon le cycle WLTP. La strat\u00e9gie technologique s\u2019articule \u00e9galement autour de l\u2019utilisation de mat\u00e9riaux durables, tels que l\u2019int\u00e9rieur en fibres recycl\u00e9es, renfor\u00e7ant l\u2019engagement de la marque pour une mobilit\u00e9 responsable.<\/p>\n<table>\n<tr style=\"background-color:#ecf0f1;\">\n<th>Caract\u00e9ristique<\/th>\n<th>D\u00e9tails<\/th>\n<\/tr>\n<tr>\n<td>Autonomie<\/td>\n<td>Jusqu\u2019\u00e0 470 km (WLTP)<\/td>\n<\/tr>\n<tr>\n<td>Puissance<\/td>\n<td>Polestar 2 jusqu\u2019\u00e0 476 CV<\/td>\n<\/tr>\n<tr>\n<td>Charge Rapide<\/td>\n<td>80% en 40 minutes avec charge rapide CC<\/td>\n<\/tr>\n<tr>\n<td>Mat\u00e9riaux Durables<\/td>\n<td>Int\u00e9rieur en fibres recycl\u00e9es, EV \u00e0 faibles \u00e9missions<\/td>\n<\/tr>\n<\/table>\n<h2>Impact Environnemental et Strat\u00e9gie Durable<\/h2>\n<p>La d\u00e9marche de Polestar ne se limite pas \u00e0 la conception de v\u00e9hicules \u00e9lectriques performants. La marque vise une r\u00e9duction de son empreinte carbone tout au long de la cha\u00eene de valeur, adoptant une production neutre en carbone depuis 2025. La transparence et la responsabilit\u00e9 sont au c\u0153ur de leur strat\u00e9gie, notamment par le recours \u00e0 des partenaires engag\u00e9s dans la durabilit\u00e9.<\/p>\n<blockquote>\n<p>Selon leurs donn\u00e9es internes, la fabrication d\u2019une Polestar 2 \u00e9met environ 20% de moins de CO2 par rapport \u00e0 un v\u00e9hicule classique \u00e9quivalent. De plus, la marque s\u2019engage \u00e0 un recyclage int\u00e9gral des batteries en fin de vie, renfor\u00e7ant sa position dans la fili\u00e8re de l\u2019\u00e9conomie circulaire.<\/p>\n<\/blockquote>\n<h2>Perspectives pour l\u2019Industrie Automobilie<\/h2>\n<p>Le mod\u00e8le de Polestar incarne une rupture dans la relation entre constructeur et consommateur, o\u00f9 l\u2019innovation technologique et le respect de l\u2019environnement deviennent indissociables. En s\u2019appuyant sur leur plateforme num\u00e9rique http:\/\/www.polestar-fr.fr\/, ils offrent une exp\u00e9rience utilisateur int\u00e9gr\u00e9e et transparente, port\u00e9e par leur engagement envers la transparence et l\u2019am\u00e9lioration continue.<\/p>\n<h2>Comparatif des Principaux Acteurs Electriques (2023)<\/h2>\n<table>\n<tr style=\"background-color:#ecf0f1;\">\n<th>Marque<\/th>\n<th>Autonomie (WLTP)<\/th>\n<th>Puissance Max (CV)<\/th>\n<th>Prix de Base (EUR)<\/th>\n<\/tr>\n<tr>\n<td>Polestar<\/td>\n<td>Jusqu\u2019\u00e0 470 km<\/td>\n<td>476 CV<\/td>\n<td>59 900<\/td>\n<\/tr>\n<tr>\n<td>Tesla Model 3<\/td>\n<td>Approx. 448 km<\/td>\n<td>380 CV<\/td>\n<td>48 000<\/td>\n<\/tr>\n<tr>\n<td>BMW i4<\/td>\n<td>515 km<\/td>\n<td>544 CV<\/td>\n<td>58 000<\/td>\n<\/tr>\n<tr>\n<td>Mercedes EQE<\/td>\n<td> Approx. 660 km<\/td>\n<td>\u00c9l\u00e9ment variable<\/td>\n<td>65 000<\/td>\n<\/tr>\n<\/table>\n<h2>Conclusion : L\u2019Avenir de la Mobilit\u00e9 \u00c9lectrique<\/h2>\n<p>Avec ses avanc\u00e9es technologiques, ses engagements en mati\u00e8re de durabilit\u00e9 et sa vision pour une mobilit\u00e9 haut de gamme et responsable, Polestar s\u2019impose comme une r\u00e9f\u00e9rence incontournable dans l\u2019industrie automobile \u00e9lectrique. Leur site officiel http:\/\/www.polestar-fr.fr\/ t\u00e9moigne de leur engagement continu \u00e0 repousser les limites de l\u2019innovation, tout en r\u00e9unissant performance, durabilit\u00e9 et design dans un \u00e9quilibre subtil mais strat\u00e9gique.<\/p>\n<p>Les acteurs du secteur doivent d\u00e9sormais observer attentivement comment ces initiatives influenceront, \u00e0 moyen et long terme, la dynamique concurrentielle et r\u00e9glementaire de l\u2019industrie automobile mondiale.<\/p>\n","protected":false},"excerpt":{"rendered":"<p>Introduction : La Transformation du Secteur Automobile Depuis une d\u00e9cennie, l\u2019industrie automobile mondiale conna\u00eet une transformation radicale, sous l\u2019impulsion de la transition \u00e9nerg\u00e9tique, des pr\u00e9occupations environnementales croissantes et de l\u2019innovation technologique. Les constructeurs traditionnels doivent d\u00e9sormais concilier performance, durabilit\u00e9 et attractivit\u00e9 dans un march\u00e9 en mutation rapide. Parmi les acteurs qui ont su tirer leur &hellip;<\/p>\n","protected":false},"author":1,"featured_media":0,"comment_status":"open","ping_status":"open","sticky":false,"template":"","format":"standard","meta":{"footnotes":""},"categories":[1],"tags":[],"class_list":["post-17123","post","type-post","status-publish","format-standard","hentry","category-uncategorized"],"_links":{"self":[{"href":"https:\/\/developers.sd\/index.php?rest_route=\/wp\/v2\/posts\/17123","targetHints":{"allow":["GET"]}}],"collection":[{"href":"https:\/\/developers.sd\/index.php?rest_route=\/wp\/v2\/posts"}],"about":[{"href":"https:\/\/developers.sd\/index.php?rest_route=\/wp\/v2\/types\/post"}],"author":[{"embeddable":true,"href":"https:\/\/developers.sd\/index.php?rest_route=\/wp\/v2\/users\/1"}],"replies":[{"embeddable":true,"href":"https:\/\/developers.sd\/index.php?rest_route=%2Fwp%2Fv2%2Fcomments&post=17123"}],"version-history":[{"count":1,"href":"https:\/\/developers.sd\/index.php?rest_route=\/wp\/v2\/posts\/17123\/revisions"}],"predecessor-version":[{"id":17124,"href":"https:\/\/developers.sd\/index.php?rest_route=\/wp\/v2\/posts\/17123\/revisions\/17124"}],"wp:attachment":[{"href":"https:\/\/developers.sd\/index.php?rest_route=%2Fwp%2Fv2%2Fmedia&parent=17123"}],"wp:term":[{"taxonomy":"category","embeddable":true,"href":"https:\/\/developers.sd\/index.php?rest_route=%2Fwp%2Fv2%2Fcategories&post=17123"},{"taxonomy":"post_tag","embeddable":true,"href":"https:\/\/developers.sd\/index.php?rest_route=%2Fwp%2Fv2%2Ftags&post=17123"}],"curies":[{"name":"wp","href":"https:\/\/api.w.org\/{rel}","templated":true}]}}