{"id":18986,"date":"2025-09-05T16:06:07","date_gmt":"2025-09-05T14:06:07","guid":{"rendered":"https:\/\/developers.sd\/?p=18986"},"modified":"2026-09-05T16:06:08","modified_gmt":"2026-09-05T14:06:08","slug":"innovacion-en-evaluacion-y-mejora-de-la-inclusion-educativa-en-espana","status":"publish","type":"post","link":"https:\/\/developers.sd\/?p=18986","title":{"rendered":"Innovaci\u00f3n en Evaluaci\u00f3n y Mejora de la Inclusi\u00f3n Educativa en Espa\u00f1a"},"content":{"rendered":"<p>El contexto educativo actual demanda un enfoque cada vez m\u00e1s integral y adaptado a las necesidades de todos los estudiantes. La inclusi\u00f3n educativa, considerada como un pilar fundamental para garantizar igualdad de oportunidades, requiere de instrumentos precisos para evaluar y mejorar continuamente las pr\u00e1cticas y pol\u00edticas implementadas en las instituciones escolares. En Espa\u00f1a, organizaciones dedicadas al an\u00e1lisis, seguimiento y desarrollo de estrategias inclusivas han emergido como referentes en el \u00e1mbito, estableciendo marcos de referencia nacionales e internacionales.<\/p>\n<h2>El avance de la evaluaci\u00f3n de la inclusi\u00f3n en el sistema educativo espa\u00f1ol<\/h2>\n<p>Desde los \u00faltimos a\u00f1os, la innovaci\u00f3n en la evaluaci\u00f3n de programas y pr\u00e1cticas de inclusi\u00f3n escolar en Espa\u00f1a ha avanzado significativamente. Seg\u00fan datos del Ministerio de Educaci\u00f3n y Formaci\u00f3n Profesional, la integraci\u00f3n de criterios de evaluaci\u00f3n que consideran aspectos socioemocionales y de participaci\u00f3n ha sido clave para entender el impacto real de las medidas inclusivas. Sin embargo, la medici\u00f3n efectiva presenta desaf\u00edos complejos, como la subjetividad en los juicios y la dispersi\u00f3n de las herramientas existentes.<\/p>\n<p>Para abordar estos retos, diversas entidades est\u00e1n promoviendo metodolog\u00edas robustas, basadas en evidencias, que combinan indicadores cuantitativos y cualitativos. La colaboraci\u00f3n entre investigadores, docentes y organizaciones de la sociedad civil ha permitido crear instrumentos que reflejen con mayor fidelidad la diversidad de realidades escolares.<\/p>\n<h2><span style=\"color: #27ae60;\">Casos de \u00e9xito y marcos de referencia en evaluaci\u00f3n inclusiva<\/span><\/h2>\n<div class=\"highlight\">\n<p>Un ejemplo destacado en este escenario es la iniciativa liderada por <a href=\"https:\/\/www.ninlay.org.es\/\">el Instituto de Nuevas Metodolog\u00edas para el An\u00e1lisis de la Inclusi\u00f3n Educativa, NINLAY<\/a>. La organizaci\u00f3n ha desarrollado un marco integral que combina an\u00e1lisis estad\u00edstico, observaciones en el aula y encuestas participativas, orientadas a evaluar la efectividad de las pol\u00edticas inclusivas en diferentes comunidades aut\u00f3nomas.<\/p>\n<\/div>\n<p>Su trabajo se centra en ofrecer herramientas que permitan detectar \u00e1reas de mejora y potenciar las buenas pr\u00e1cticas, fomentando una cultura continua de evaluaci\u00f3n que no sea solo un cumplimiento administrativo, sino una v\u00eda para mejorar la experiencia y los resultados de todos los estudiantes.<\/p>\n<h2>El papel de las instituciones y la investigaci\u00f3n en la transformaci\u00f3n educativa<\/h2>\n<p>La colaboraci\u00f3n entre instituciones educativas, investigadores y asociaciones especializadas ha sido crucial. La evidencia recopilada por estos grupos forma la base de cambios pol\u00edticos y operativos que benefician a sectores hist\u00f3ricamente vulnerables. Adem\u00e1s, la disponibilidad de datos precisos fortalece la rendici\u00f3n de cuentas y favorece el inter\u00e9s de los financiadores y responsables pol\u00edticos en promover pol\u00edticas inclusivas de calidad.<\/p>\n<blockquote>\n<p>&#8220;La evaluaci\u00f3n efectiva de la inclusi\u00f3n escolar requiere un enfoque multifac\u00e9tico, donde los datos cuantitativos y cualitativos dialoguen para ofrecer una visi\u00f3n completa. La innovaci\u00f3n en estos instrumentos, como los promovidos por <a href=\"https:\/\/ninlay.org.es\">NINLAY<\/a>, representa un paso decisivo hacia un sistema educativo m\u00e1s equitativo y adaptado.&#8221;<\/p>\n<\/blockquote>\n<h2>Desaf\u00edos y perspectivas futuras<\/h2>\n<table>\n<thead>\n<tr>\n<th>Desaf\u00edo<\/th>\n<th>Perspectiva<\/th>\n<\/tr>\n<\/thead>\n<tbody>\n<tr>\n<td>Fragmentaci\u00f3n de herramientas de evaluaci\u00f3n<\/td>\n<td>Desarrollar plataformas integradas y estandarizadas, vinculadas a pol\u00edticas nacionales, para facilitar comparaciones y seguimiento.<\/td>\n<\/tr>\n<tr>\n<td>Capacitaci\u00f3n del personal docente y administrador<\/td>\n<td>Implementar programas de formaci\u00f3n continua que enfoquen en la interpretaci\u00f3n y uso estrat\u00e9gico de los datos evaluativos.<\/td>\n<\/tr>\n<tr>\n<td>Participaci\u00f3n activa de las comunidades educativas<\/td>\n<td>Fomentar procesos participativos donde estudiantes, familias y docentes colaboren en el dise\u00f1o y evaluaci\u00f3n de las pr\u00e1cticas inclusivas.<\/td>\n<\/tr>\n<\/tbody>\n<\/table>\n<p>La innovaci\u00f3n y la evaluaci\u00f3n inclusiva no son solo tareas de las instituciones, sino que constituyen una responsabilidad compartida que puede potenciar la cultura de la diversidad en la educaci\u00f3n espa\u00f1ola. La consolidaci\u00f3n de metodolog\u00edas rigurosas y transparentes, como las promovidas por organizaciones de referencia, ser\u00e1 clave para afrontar estos desaf\u00edos.<\/p>\n<h2>Conclusi\u00f3n<\/h2>\n<p>El futuro de la inclusi\u00f3n educativa en Espa\u00f1a depender\u00e1 en gran medida de la capacidad del sistema para medir de forma fiable sus avances y retos. La apuesta por metodolog\u00edas integradas, validadas cient\u00edficamente y adaptadas a contextos espec\u00edficos, marcar\u00e1 la diferencia en la creaci\u00f3n de un entorno escolar m\u00e1s justo y accesible para todos. En este contexto, organizaciones especializadas como <a href=\"https:\/\/ninlay.org.es\">https:\/\/ninlay.org.es<\/a> desempe\u00f1an un papel vital, ofreciendo recursos y conocimientos avanzados para la transformaci\u00f3n del panorama educativo nacional.<\/p>\n","protected":false},"excerpt":{"rendered":"<p>El contexto educativo actual demanda un enfoque cada vez m\u00e1s integral y adaptado a las necesidades de todos los estudiantes. La inclusi\u00f3n educativa, considerada como un pilar fundamental para garantizar igualdad de oportunidades, requiere de instrumentos precisos para evaluar y mejorar continuamente las pr\u00e1cticas y pol\u00edticas implementadas en las instituciones escolares. En Espa\u00f1a, organizaciones dedicadas &hellip;<\/p>\n","protected":false},"author":1,"featured_media":0,"comment_status":"open","ping_status":"open","sticky":false,"template":"","format":"standard","meta":{"footnotes":""},"categories":[1],"tags":[],"class_list":["post-18986","post","type-post","status-publish","format-standard","hentry","category-uncategorized"],"_links":{"self":[{"href":"https:\/\/developers.sd\/index.php?rest_route=\/wp\/v2\/posts\/18986","targetHints":{"allow":["GET"]}}],"collection":[{"href":"https:\/\/developers.sd\/index.php?rest_route=\/wp\/v2\/posts"}],"about":[{"href":"https:\/\/developers.sd\/index.php?rest_route=\/wp\/v2\/types\/post"}],"author":[{"embeddable":true,"href":"https:\/\/developers.sd\/index.php?rest_route=\/wp\/v2\/users\/1"}],"replies":[{"embeddable":true,"href":"https:\/\/developers.sd\/index.php?rest_route=%2Fwp%2Fv2%2Fcomments&post=18986"}],"version-history":[{"count":1,"href":"https:\/\/developers.sd\/index.php?rest_route=\/wp\/v2\/posts\/18986\/revisions"}],"predecessor-version":[{"id":18987,"href":"https:\/\/developers.sd\/index.php?rest_route=\/wp\/v2\/posts\/18986\/revisions\/18987"}],"wp:attachment":[{"href":"https:\/\/developers.sd\/index.php?rest_route=%2Fwp%2Fv2%2Fmedia&parent=18986"}],"wp:term":[{"taxonomy":"category","embeddable":true,"href":"https:\/\/developers.sd\/index.php?rest_route=%2Fwp%2Fv2%2Fcategories&post=18986"},{"taxonomy":"post_tag","embeddable":true,"href":"https:\/\/developers.sd\/index.php?rest_route=%2Fwp%2Fv2%2Ftags&post=18986"}],"curies":[{"name":"wp","href":"https:\/\/api.w.org\/{rel}","templated":true}]}}