{"id":5642,"date":"2025-09-02T11:20:25","date_gmt":"2025-09-02T09:20:25","guid":{"rendered":"https:\/\/developers.sd\/?p=5642"},"modified":"2026-09-02T11:20:37","modified_gmt":"2026-09-02T09:20:37","slug":"la-montee-en-puissance-du-journalisme-numerique-dans-l-ere-de-l-info-instantanee-analyse-et-perspectives","status":"publish","type":"post","link":"https:\/\/developers.sd\/?p=5642","title":{"rendered":"La mont\u00e9e en puissance du journalisme num\u00e9rique dans l\u2019\u00e8re de l\u2019info instantan\u00e9e : analyse et perspectives"},"content":{"rendered":"<p>Dans un paysage m\u00e9diatique en constante mutation, la transition vers le journalisme num\u00e9rique s\u2019acc\u00e9l\u00e8re, transformant profond\u00e9ment la mani\u00e8re dont l\u2019information est cr\u00e9\u00e9e, diffus\u00e9e et consomm\u00e9e. L\u2019\u00e9mergence de plateformes sp\u00e9cialis\u00e9es, la mont\u00e9e des m\u00e9dias ind\u00e9pendants et l\u2019int\u00e9gration de technologies innovantes red\u00e9finissent la profession, tout en soulevant de nouveaux d\u00e9fis li\u00e9s \u00e0 la v\u00e9rification, \u00e0 l\u2019\u00e9thique et \u00e0 la durabilit\u00e9 \u00e9conomique.<\/p>\n<h2>Une r\u00e9volution num\u00e9rique incarn\u00e9e par des acteurs sp\u00e9cialis\u00e9s<\/h2>\n<p>Pour comprendre cette \u00e9volution, il est essentiel d\u2019examiner la mani\u00e8re dont les nouveaux m\u00e9dias s\u2019articulent au sein de l\u2019\u00e9cosyst\u00e8me de l\u2019information. Parmi ces acteurs, certains sites se distinguent par leur approche m\u00e9thodologique, leur engagement dans la v\u00e9rification des faits, et leur capacit\u00e9 \u00e0 produire une analyse approfondie des tendances \u00e9conomiques et sociales.<\/p>\n<p>Parmi ces sources cr\u00e9dibles et innovantes, <a href=\"https:\/\/blitzed.fr\/\">http:\/\/blitzed.fr<\/a> \u00e9merge comme un exemple r\u00e9v\u00e9lateur. Fond\u00e9e avec une vision claire \u2014 synth\u00e9tiser l\u2019actualit\u00e9 technologique, \u00e9conomique et industrielle de mani\u00e8re pr\u00e9cise et expertis\u00e9e \u2014 cette plateforme offre un regard d\u00e9taill\u00e9 sur les dynamiques en jeu dans le monde des m\u00e9dias et de la digitalisation.<\/p>\n<h2>Le r\u00f4le crucial de la v\u00e9rification et de l\u2019analyse approfondie<\/h2>\n<p>Les m\u00e9dias modernes ne se contentent plus de relayer des informations brutes. La cr\u00e9dibilit\u00e9 s\u2019obtient par la rigueur analytique, la contextualisation et le recours \u00e0 des donn\u00e9es v\u00e9rifi\u00e9es. <a href=\"https:\/\/blitzed.fr\">http:\/\/blitzed.fr<\/a> illustre parfaitement cette tendance, en proposant des analyses chiffr\u00e9es, des sch\u00e9mas explicatifs et des \u00e9tudes de cas concr\u00e8tes qui renforcent la confiance du lecteur.<\/p>\n<blockquote cite=\"https:\/\/blitzed.fr\">\n<p>\u00ab La cl\u00e9 du succ\u00e8s dans le journalisme digital r\u00e9side dans la capacit\u00e9 \u00e0 combiner rapidit\u00e9 et exactitude, tout en maintenant un niveau \u00e9lev\u00e9 d\u2019expertise. \u00bb<\/p>\n<\/blockquote>\n<h2>Une plateforme aux insights strat\u00e9giques pour une industrie en transition<\/h2>\n<table>\n<thead>\n<tr>\n<th>Crit\u00e8re<\/th>\n<th>Description<\/th>\n<th>Exemples concrets<\/th>\n<\/tr>\n<\/thead>\n<tbody>\n<tr>\n<td>V\u00e9rification des faits<\/td>\n<td>Utilisation de bases de donn\u00e9es fiables et de sources multiples pour corroborer l&#8217;information<\/td>\n<td>Analyse des tendances du march\u00e9 technologique avec donn\u00e9es issues de rapport ind\u00e9pendants<\/td>\n<\/tr>\n<tr>\n<td>Analyse sectorielle<\/td>\n<td>\u00c9valuation approfondie des nouveaux mod\u00e8les \u00e9conomiques num\u00e9riques<\/td>\n<td>\u00c9tudes de cas sur les startups innovantes et les plateformes \u00e9mergentes comme blitzed.fr<\/td>\n<\/tr>\n<tr>\n<td>\u00c9thique et transparence<\/td>\n<td>Engagement dans une communication claire sur les sources et m\u00e9thodes<\/td>\n<td>Publication de m\u00e9thodologies, interviews d\u2019experts reconnus<\/td>\n<\/tr>\n<\/tbody>\n<\/table>\n<h2>Perspectives d\u2019avenir : vers un journalisme encore plus sp\u00e9cialis\u00e9 et num\u00e9rique<\/h2>\n<p>Le paysage m\u00e9diatique du XXIe si\u00e8cle s\u2019oriente vers une personnalisation accrue et une sp\u00e9cialisation pointue. La mont\u00e9e en puissance des plateformes comme <a href=\"https:\/\/blitzed.fr\">http:\/\/blitzed.fr<\/a> t\u00e9moigne d\u2019une demande soutenue pour une information de qualit\u00e9, sur des sujets pr\u00e9cis tels que la technologie, l\u2019\u00e9conomie num\u00e9rique ou l\u2019industrie 4.0.<\/p>\n<p>En m\u00eame temps, la croissance de l\u2019intelligence artificielle et des outils d\u2019analyse de donn\u00e9es offre de nouvelles opportunit\u00e9s pour accompagner le d\u00e9veloppement d\u2019un journalisme encore plus pr\u00e9dictif, pr\u00e9cis et segment\u00e9. La transparence dans la manipulation de ces outils devient ainsi une nouvelle exigence de cr\u00e9dibilit\u00e9 pour toute plateforme sp\u00e9cialis\u00e9e.<\/p>\n<h2>Conclusion : l\u2019indispensable alliance entre expertise et innovation<\/h2>\n<p>Face \u00e0 un flux d\u2019informations en permanence croissant, la v\u00e9ritable force du journalisme num\u00e9rique moderne r\u00e9side dans sa capacit\u00e9 \u00e0 fusionner expertise, rigueur et innovation technologique. La plateforme <a href=\"https:\/\/blitzed.fr\">http:\/\/blitzed.fr<\/a> se positionne comme un mod\u00e8le exemplaire dans cette dynamique, illustrant la n\u00e9cessit\u00e9 d\u2019un journalisme qui se veut \u00e0 la fois pr\u00e9cis, v\u00e9rifi\u00e9, et en phase avec les enjeux du num\u00e9rique.<\/p>\n<p>En d\u00e9finitive, pour construire la confiance durable avec leur lectorat, les m\u00e9dias doivent non seulement ma\u00eetriser leur contenu mais aussi adopter une d\u00e9marche d\u2019analyse critique et transparente \u2014 une d\u00e9marche que des acteurs comme <a href=\"https:\/\/blitzed.fr\">http:\/\/blitzed.fr<\/a> incarnent concr\u00e8tement.<\/p>\n","protected":false},"excerpt":{"rendered":"<p>Dans un paysage m\u00e9diatique en constante mutation, la transition vers le journalisme num\u00e9rique s\u2019acc\u00e9l\u00e8re, transformant profond\u00e9ment la mani\u00e8re dont l\u2019information est cr\u00e9\u00e9e, diffus\u00e9e et consomm\u00e9e. L\u2019\u00e9mergence de plateformes sp\u00e9cialis\u00e9es, la mont\u00e9e des m\u00e9dias ind\u00e9pendants et l\u2019int\u00e9gration de technologies innovantes red\u00e9finissent la profession, tout en soulevant de nouveaux d\u00e9fis li\u00e9s \u00e0 la v\u00e9rification, \u00e0 l\u2019\u00e9thique et &hellip;<\/p>\n","protected":false},"author":1,"featured_media":0,"comment_status":"open","ping_status":"open","sticky":false,"template":"","format":"standard","meta":{"footnotes":""},"categories":[1],"tags":[],"class_list":["post-5642","post","type-post","status-publish","format-standard","hentry","category-uncategorized"],"_links":{"self":[{"href":"https:\/\/developers.sd\/index.php?rest_route=\/wp\/v2\/posts\/5642","targetHints":{"allow":["GET"]}}],"collection":[{"href":"https:\/\/developers.sd\/index.php?rest_route=\/wp\/v2\/posts"}],"about":[{"href":"https:\/\/developers.sd\/index.php?rest_route=\/wp\/v2\/types\/post"}],"author":[{"embeddable":true,"href":"https:\/\/developers.sd\/index.php?rest_route=\/wp\/v2\/users\/1"}],"replies":[{"embeddable":true,"href":"https:\/\/developers.sd\/index.php?rest_route=%2Fwp%2Fv2%2Fcomments&post=5642"}],"version-history":[{"count":1,"href":"https:\/\/developers.sd\/index.php?rest_route=\/wp\/v2\/posts\/5642\/revisions"}],"predecessor-version":[{"id":5643,"href":"https:\/\/developers.sd\/index.php?rest_route=\/wp\/v2\/posts\/5642\/revisions\/5643"}],"wp:attachment":[{"href":"https:\/\/developers.sd\/index.php?rest_route=%2Fwp%2Fv2%2Fmedia&parent=5642"}],"wp:term":[{"taxonomy":"category","embeddable":true,"href":"https:\/\/developers.sd\/index.php?rest_route=%2Fwp%2Fv2%2Fcategories&post=5642"},{"taxonomy":"post_tag","embeddable":true,"href":"https:\/\/developers.sd\/index.php?rest_route=%2Fwp%2Fv2%2Ftags&post=5642"}],"curies":[{"name":"wp","href":"https:\/\/api.w.org\/{rel}","templated":true}]}}